{"id":235126,"date":"2023-07-25T20:51:29","date_gmt":"2023-07-25T20:51:29","guid":{"rendered":"https:\/\/www.rctvinternational.com\/?p=235126"},"modified":"2023-07-26T17:31:42","modified_gmt":"2023-07-26T17:31:42","slug":"mi-prima-ciela-el-drama-familiar-que-conmueve-en-tv-vix-y-tubi","status":"publish","type":"post","link":"https:\/\/www.rctvinternational.com\/en\/mi-prima-ciela-el-drama-familiar-que-conmueve-en-tv-vix-y-tubi\/","title":{"rendered":"Mi Prima Ciela: el drama familiar que conmueve en TV, Vix y Tubi"},"content":{"rendered":"<p style=\"text-align: justify\">En\u00a0<strong>RCTV\u00a0<\/strong>nos especializamos en crear telenovelas con historias que enternecen y emocionan a la audiencia, convirti\u00e9ndose en producciones inolvidables. Uno de los dramas que m\u00e1s impacta a los usuarios en las plataformas\u00a0<strong>Vix\u00a0<\/strong>y<strong>\u00a0Tubi\u00a0<\/strong>es\u00a0<strong>\u2018Mi Prima Ciela\u2019<\/strong>. Una telenovela con una historia de amor conmovedora y nost\u00e1lgica, que deja una huella en el coraz\u00f3n del p\u00fablico, precisamente por su trama rom\u00e1ntica, llena de emocionalidad.<\/p>\n<p style=\"text-align: justify\">Esta historia de amor que trasciende la vida es una experiencia audiovisual que la audiencia busca repetir. Actualmente,\u00a0<strong>\u2018Mi prima Ciela\u2019\u00a0<\/strong>es retransmitida tambi\u00e9n en cadenas de televisi\u00f3n abierta como<strong>\u00a0Televen<\/strong>,\u00a0un canal local de Venezuela, en donde la telenovela reporta excelentes resultados dominando la banda horaria vespertina.<\/p>\n<p><img decoding=\"async\" loading=\"lazy\" class=\"alignnone size-full wp-image-235128\" src=\"https:\/\/www.rctvinternational.com\/wp-content\/uploads\/2023\/07\/Miprima1.jpg\" alt=\"\" width=\"1000\" height=\"290\" srcset=\"https:\/\/www.rctvinternational.com\/wp-content\/uploads\/2023\/07\/Miprima1.jpg 1000w, https:\/\/www.rctvinternational.com\/wp-content\/uploads\/2023\/07\/Miprima1-980x284.jpg 980w, https:\/\/www.rctvinternational.com\/wp-content\/uploads\/2023\/07\/Miprima1-480x139.jpg 480w\" sizes=\"(min-width: 0px) and (max-width: 480px) 480px, (min-width: 481px) and (max-width: 980px) 980px, (min-width: 981px) 1000px, 100vw\" \/><\/p>\n<p style=\"text-align: justify\">En esta obra, Graciela Andre\u00edna Zambrano \u00c1vila \u00abCiela\u00bb (<strong>M\u00f3nica Spears<\/strong>) es una sencilla, humilde y muy alegre estudiante de bachillerato que vive con sus dos primas: Silvia (<strong>Raquel Y\u00e1nez<\/strong>) y Maite (<strong>Flavia Gleske)<\/strong>.<\/p>\n<p style=\"text-align: justify\">Estas tres chicas son inseparables y en ellas el espectador puede apreciar en cada cap\u00edtulo la cotidianidad de una amorosa familia. La vida de cada una de ellas cambia dr\u00e1sticamente sin que nadie, ni siquiera la audiencia, pudiese haberlo sospechado.<\/p>\n<p style=\"text-align: justify\">Las consecuencias de cada giro del destino que sufren estos personajes afectan profundamente a la familia con situaciones tan cercanas a la realidad, que pueden reflejar partes de la vida con las que el espectador puede identificarse o conmoverse, sin importar en cu\u00e1l pa\u00eds se encuentre o a cu\u00e1l cultura pertenece.<\/p>\n<p><img decoding=\"async\" loading=\"lazy\" class=\"alignnone size-full wp-image-235129\" src=\"https:\/\/www.rctvinternational.com\/wp-content\/uploads\/2023\/07\/miprima2.jpg\" alt=\"\" width=\"1000\" height=\"290\" srcset=\"https:\/\/www.rctvinternational.com\/wp-content\/uploads\/2023\/07\/miprima2.jpg 1000w, https:\/\/www.rctvinternational.com\/wp-content\/uploads\/2023\/07\/miprima2-980x284.jpg 980w, https:\/\/www.rctvinternational.com\/wp-content\/uploads\/2023\/07\/miprima2-480x139.jpg 480w\" sizes=\"(min-width: 0px) and (max-width: 480px) 480px, (min-width: 481px) and (max-width: 980px) 980px, (min-width: 981px) 1000px, 100vw\" \/><\/p>\n<p style=\"text-align: justify\">Silvia es una joven de gran \u00e1nimo que se enamora de un hombre exconvicto, vive la incertidumbre de un amor prohibido, situaci\u00f3n que se complica a\u00fan m\u00e1s al quedar embarazada y Maite, una chica decidida e ingeniosa que sue\u00f1a con ser m\u00fasico, se enamorar\u00e1 de un pianista con quien se casa clandestinamente, sin embargo, el matrimonio ser\u00e1 realmente una gran desdicha.<\/p>\n<p style=\"text-align: justify\">Graciela conocer\u00e1 el amor a trav\u00e9s de David Espinoza Urdaneta \u00abVido\u00bb\u00a0<strong>(Manuel Sosa)<\/strong>, un joven seductor, carism\u00e1tico, que atrae a Graciela, aunque \u00e9l ya tiene una novia. Aun as\u00ed, el amor surgir\u00e1 entre nuestra pareja protagonista; ambos se llaman cari\u00f1osamente entre s\u00ed \u201cmi vido\u201d y \u201cmi ciela\u201d y a pesar de que encontrar\u00e1n dif\u00edciles pruebas en su camino, vivir\u00e1n un romance eterno.<\/p>\n<p><img decoding=\"async\" loading=\"lazy\" class=\"alignnone size-full wp-image-235130\" src=\"https:\/\/www.rctvinternational.com\/wp-content\/uploads\/2023\/07\/miprima3vixtubi.jpg\" alt=\"\" width=\"1000\" height=\"290\" srcset=\"https:\/\/www.rctvinternational.com\/wp-content\/uploads\/2023\/07\/miprima3vixtubi.jpg 1000w, https:\/\/www.rctvinternational.com\/wp-content\/uploads\/2023\/07\/miprima3vixtubi-980x284.jpg 980w, https:\/\/www.rctvinternational.com\/wp-content\/uploads\/2023\/07\/miprima3vixtubi-480x139.jpg 480w\" sizes=\"(min-width: 0px) and (max-width: 480px) 480px, (min-width: 481px) and (max-width: 980px) 980px, (min-width: 981px) 1000px, 100vw\" \/><\/p>\n<p style=\"text-align: justify\">Cuando Graciela es diagnosticada con una terrible enfermedad, aplasia medular, la ilusi\u00f3n del gran amor se convierte en esperanza. David transformar\u00e1 su actitud infiel e irresponsable en la de un hombre muy consciente y leal. Graciela encontrar\u00e1 en s\u00ed misma una fortaleza y capacidad de voluntad que ella misma no conoc\u00eda y cumplir\u00e1 su sue\u00f1o de ser feliz y amada siempre por su gran amor, su \u201cVido\u201d.<\/p>\n<p style=\"text-align: justify\">Finalmente, aunque Graciela lucha por su vida, termina perdiendo la batalla y muere dejando un profundo dolor en el coraz\u00f3n de todos los que la conocieron, especialmente en su familia y David, quien ahora viudo deber\u00e1 encargarse de velar por la felicidad de la peque\u00f1a familia que form\u00f3 con su gran amor, su \u201cCiela\u201d.<\/p>\n<p style=\"text-align: justify\">El tema principal de esta telenovela es el amor en sus distintas manifestaciones y all\u00ed radica su \u00e9xito. Adem\u00e1s de su historia, la gran qu\u00edmica entre la pareja protagonista y las admirables actuaciones, son tambi\u00e9n un elemento que el p\u00fablico destaca cada vez que esta telenovela es transmitida y que hace de este t\u00edtulo una obra muy especial.<\/p>\n<p><a href=\"https:\/\/vimeo.com\/683929926#video_1\"><img decoding=\"async\" loading=\"lazy\" class=\"alignnone size-full wp-image-235131 aligncenter\" src=\"https:\/\/www.rctvinternational.com\/wp-content\/uploads\/2023\/07\/MiprimaLINK.jpg\" alt=\"\" width=\"600\" height=\"405\" srcset=\"https:\/\/www.rctvinternational.com\/wp-content\/uploads\/2023\/07\/MiprimaLINK.jpg 600w, https:\/\/www.rctvinternational.com\/wp-content\/uploads\/2023\/07\/MiprimaLINK-480x324.jpg 480w\" sizes=\"(min-width: 0px) and (max-width: 480px) 480px, (min-width: 481px) 600px, 100vw\" \/><\/a><\/p>\n<p style=\"text-align: justify\">En nuestro cat\u00e1logo encuentras esta y otras telenovelas para entretener con contenido de calidad a espectadores y usuarios. Adquiere la licencia de este t\u00edtulo, y chequea nuestra oferta de producciones que se ajusta a tus gustos y los de tu audiencia.<\/p>\n<p>\u00bfQuieres conocer m\u00e1s producciones exitosas que enganchan al p\u00fablico? Cont\u00e1ctanos. Tenemos un cat\u00e1logo variado y reconocido con la mejor producci\u00f3n.<\/p>\n<p>&nbsp;<\/p>","protected":false},"excerpt":{"rendered":"<p>Mi prima Ciela es una de las producciones mas impactantes y conmovedoras del cat\u00e1logo de telenovelas de RCTV. Su gran exito se debe al amor contado a traves de tres historias, tres mujeres, cuyo destino cambiar\u00e1 drasticamente hasta llegar a un final lleno de profundas emociones que el espectador jam\u00e1s podr\u00e1 olvidar. Una historia que la audiencia siempre quiere volver a ver y se encuentra entre los primeros lugares en las estadisticas de dos de las p\u00e1ginas de streming favoritas de los amantes de las telenovelas: Tubi TV y Vix.<\/p>","protected":false},"author":10,"featured_media":235127,"comment_status":"open","ping_status":"open","sticky":false,"template":"","format":"standard","meta":{"_et_pb_use_builder":"","_et_pb_old_content":"","_et_gb_content_width":""},"categories":[21],"tags":[886,695,789,464,600,603,887,885],"acf":[],"_links":{"self":[{"href":"https:\/\/www.rctvinternational.com\/en\/wp-json\/wp\/v2\/posts\/235126"}],"collection":[{"href":"https:\/\/www.rctvinternational.com\/en\/wp-json\/wp\/v2\/posts"}],"about":[{"href":"https:\/\/www.rctvinternational.com\/en\/wp-json\/wp\/v2\/types\/post"}],"author":[{"embeddable":true,"href":"https:\/\/www.rctvinternational.com\/en\/wp-json\/wp\/v2\/users\/10"}],"replies":[{"embeddable":true,"href":"https:\/\/www.rctvinternational.com\/en\/wp-json\/wp\/v2\/comments?post=235126"}],"version-history":[{"count":1,"href":"https:\/\/www.rctvinternational.com\/en\/wp-json\/wp\/v2\/posts\/235126\/revisions"}],"predecessor-version":[{"id":235132,"href":"https:\/\/www.rctvinternational.com\/en\/wp-json\/wp\/v2\/posts\/235126\/revisions\/235132"}],"wp:featuredmedia":[{"embeddable":true,"href":"https:\/\/www.rctvinternational.com\/en\/wp-json\/wp\/v2\/media\/235127"}],"wp:attachment":[{"href":"https:\/\/www.rctvinternational.com\/en\/wp-json\/wp\/v2\/media?parent=235126"}],"wp:term":[{"taxonomy":"category","embeddable":true,"href":"https:\/\/www.rctvinternational.com\/en\/wp-json\/wp\/v2\/categories?post=235126"},{"taxonomy":"post_tag","embeddable":true,"href":"https:\/\/www.rctvinternational.com\/en\/wp-json\/wp\/v2\/tags?post=235126"}],"curies":[{"name":"wp","href":"https:\/\/api.w.org\/{rel}","templated":true}]}}